{"id":173,"date":"2013-12-02T07:37:09","date_gmt":"2013-12-02T06:37:09","guid":{"rendered":"http:\/\/modelblogal.wordpress.com\/?p=173"},"modified":"2025-06-09T11:07:34","modified_gmt":"2025-06-09T09:07:34","slug":"amonaval-2013","status":"publish","type":"post","link":"https:\/\/artesanialatina.net\/blog\/modelismo\/amonaval-2013\/","title":{"rendered":"#Amonaval: IV Concurso-Exposici\u00f3n de Modelismo Naval Villa de Laredo"},"content":{"rendered":"<figure id=\"attachment_175\" aria-describedby=\"caption-attachment-175\" style=\"width: 470px\" class=\"wp-caption aligncenter\"><a href=\"http:\/\/modelblogal.files.wordpress.com\/2013\/11\/amonaval-2013.png\"><img loading=\"lazy\" class=\"size-large wp-image-175\" src=\"http:\/\/modelblogal.files.wordpress.com\/2013\/11\/amonaval-2013.png?w=470\" alt=\"amonaval 2013\" width=\"470\" height=\"647\" srcset=\"https:\/\/artesanialatina.net\/blog\/wp-content\/uploads\/2013\/11\/amonaval-2013.png 560w, https:\/\/artesanialatina.net\/blog\/wp-content\/uploads\/2013\/11\/amonaval-2013-218x300.png 218w\" sizes=\"(max-width: 470px) 100vw, 470px\" \/><\/a><figcaption id=\"caption-attachment-175\" class=\"wp-caption-text\">Imagen: amonaval.es<\/figcaption><\/figure>\n<p><strong>Entre el 5 y el 8 de diciembre se celebra en la Casa del Mar de Laredo, la cuarta edici\u00f3n del Concurso-Exposici\u00f3n de Modelismo Naval Villa de Laredo<\/strong>, organizado por la Asociaci\u00f3n de Modelismo Naval de Laredo, Amonaval. Esta asociaci\u00f3n se cre\u00f3 en el a\u00f1o 2005 con el objetivo de acercar el hobby del modelismo naval a p\u00fablicos de todas las edades.<\/p>\n<p>Si est\u00e1is interesados en participar, pod\u00e9is entregar vuestras obras hasta el d\u00eda 4 a las 21:00 horas especificando si quer\u00e9is formar parte del concurso o la exposici\u00f3n. En cuanto al concurso, este a\u00f1o se divide en 7 categor\u00edas con sus correspondientes<strong> premios y medallas<\/strong> y el jurado estar\u00e1 formado por personas tan prestigiosas en nuestro hobby como<strong>\u00a0D. Jos\u00e9 Luis M\u00e9ndez<\/strong> (Presidente de la Asociaci\u00f3n Asturiana de Modelismo Naval),\u00a0<strong>D. Miguel Godoy<\/strong> (Conservador Jefe del Museo Naval de Madrid) y\u00a0<strong>D. Vladimir Herrero<\/strong> (concurso de Polop de la Marina).<\/p>\n<p>Desde Artesan\u00eda Latina no se nos ocurre mejor plan para este puente de diciembre. Os animamos a formar parte de esta <strong>fiesta del modelismo<\/strong> aportando vuestras creaciones o visitando la exposici\u00f3n entre el jueves y el domingo pr\u00f3ximo. Para que vay\u00e1is abriendo boca enlazamos con un video de Youtube de la edici\u00f3n de <a href=\"http:\/\/www.youtube.com\/watch?v=u3hFz_920ZU\" target=\"_blank\" rel=\"noopener noreferrer\">Amonaval 2012<\/a>.<\/p>\n<p>Para <strong>m\u00e1s informaci\u00f3n<\/strong> pod\u00e9is <a href=\"http:\/\/www.amonaval.es\/bases.pdf\" target=\"_blank\" rel=\"noopener noreferrer\">consultar las bases<\/a>\u00a0o visitar la <a href=\"http:\/\/www.amonaval.es\/\" target=\"_blank\" rel=\"noopener noreferrer\">p\u00e1gina web de Amonaval<\/a>.<\/p>\n<p>Otros art\u00edculos relacionados:<\/p>\n<p><a title=\"Iniciaci\u00f3n al Modelismo Naval I\" href=\"http:\/\/modelblogal.wordpress.com\/2013\/09\/30\/modelismo-naval\/\" target=\"_blank\" rel=\"noopener noreferrer\">Iniciaci\u00f3n al Modelismo Naval I<\/a><\/p>\n<p><a title=\"Iniciaci\u00f3n al Modelismo Naval II: Espacio de Trabajo\" href=\"http:\/\/modelblogal.wordpress.com\/2013\/10\/07\/modelismo-naval-ii\/\" target=\"_blank\" rel=\"noopener noreferrer\">Iniciaci\u00f3n al Modelismo Naval II: Espacio de Trabajo<\/a><\/p>\n","protected":false},"excerpt":{"rendered":"<p>Entre el 5 y el 8 de diciembre se celebra en la Casa del Mar de Laredo, la cuarta edici\u00f3n del Concurso-Exposici\u00f3n de Modelismo Naval Villa de Laredo, organizado por la Asociaci\u00f3n de Modelismo Naval de Laredo, Amonaval. Esta asociaci\u00f3n se cre\u00f3 en el a\u00f1o 2005 con el objetivo de acercar el hobby del modelismo [&hellip;]<\/p>\n","protected":false},"author":2,"featured_media":175,"comment_status":"closed","ping_status":"open","sticky":false,"template":"","format":"standard","meta":{"spay_email":"","jetpack_publicize_message":"","jetpack_is_tweetstorm":false,"jetpack_publicize_feature_enabled":true},"categories":[11,13],"tags":[33,34,39,111,157,245,321,468],"yoast_head":"<!-- This site is optimized with the Yoast SEO plugin v18.2 - https:\/\/yoast.com\/wordpress\/plugins\/seo\/ -->\n<title>Amonaval: IV Concurso-Exposici\u00f3n de Modelismo Naval Villa de Laredo<\/title>\n<meta name=\"description\" content=\"Entre el 5 y el 8 de diciembre se celebra en la Casa del Mar de Laredo, la cuarta edici\u00f3n del Concurso-Exposici\u00f3n de ...\" \/>\n<meta name=\"robots\" content=\"index, follow, max-snippet:-1, max-image-preview:large, max-video-preview:-1\" \/>\n<link rel=\"canonical\" href=\"https:\/\/artesanialatina.net\/blog\/modelismo\/amonaval-2013\/\" \/>\n<meta property=\"og:locale\" content=\"es_ES\" \/>\n<meta property=\"og:type\" content=\"article\" \/>\n<meta property=\"og:title\" content=\"Amonaval: IV Concurso-Exposici\u00f3n de Modelismo Naval Villa de Laredo\" \/>\n<meta property=\"og:description\" content=\"Entre el 5 y el 8 de diciembre se celebra en la Casa del Mar de Laredo, la cuarta edici\u00f3n del Concurso-Exposici\u00f3n de ...\" \/>\n<meta property=\"og:url\" content=\"https:\/\/artesanialatina.net\/blog\/modelismo\/amonaval-2013\/\" \/>\n<meta property=\"og:site_name\" content=\"El Blog de Artesan\u00eda Latina\" \/>\n<meta property=\"article:publisher\" content=\"https:\/\/www.facebook.com\/ArtesaniaLatina.net\/\" \/>\n<meta property=\"article:published_time\" content=\"2013-12-02T06:37:09+00:00\" \/>\n<meta property=\"article:modified_time\" content=\"2025-06-09T09:07:34+00:00\" \/>\n<meta property=\"og:image\" content=\"https:\/\/artesanialatina.net\/blog\/wp-content\/uploads\/2013\/11\/amonaval-2013.png\" \/>\n\t<meta property=\"og:image:width\" content=\"560\" \/>\n\t<meta property=\"og:image:height\" content=\"772\" \/>\n\t<meta property=\"og:image:type\" content=\"image\/png\" \/>\n<meta name=\"twitter:card\" content=\"summary_large_image\" \/>\n<meta name=\"twitter:creator\" content=\"@hobbyartesania\" \/>\n<meta name=\"twitter:site\" content=\"@hobbyartesania\" \/>\n<meta name=\"twitter:label1\" content=\"Escrito por\" \/>\n\t<meta name=\"twitter:data1\" content=\"artesanialatina\" \/>\n\t<meta name=\"twitter:label2\" content=\"Tiempo de lectura\" \/>\n\t<meta name=\"twitter:data2\" content=\"1 minuto\" \/>\n<script type=\"application\/ld+json\" class=\"yoast-schema-graph\">{\"@context\":\"https:\/\/schema.org\",\"@graph\":[{\"@type\":\"Organization\",\"@id\":\"https:\/\/artesanialatina.net\/blog\/#organization\",\"name\":\"Blog de Artesan\u00eda Latina\",\"url\":\"https:\/\/artesanialatina.net\/blog\/\",\"sameAs\":[\"https:\/\/www.facebook.com\/ArtesaniaLatina.net\/\",\"https:\/\/www.instagram.com\/artesanialatina_oficial\/\",\"https:\/\/twitter.com\/hobbyartesania\"],\"logo\":{\"@type\":\"ImageObject\",\"@id\":\"https:\/\/artesanialatina.net\/blog\/#logo\",\"inLanguage\":\"es\",\"url\":\"https:\/\/artesanialatina.net\/blog\/wp-content\/uploads\/2018\/10\/logo-instagram.jpg\",\"contentUrl\":\"https:\/\/artesanialatina.net\/blog\/wp-content\/uploads\/2018\/10\/logo-instagram.jpg\",\"width\":400,\"height\":400,\"caption\":\"Blog de Artesan\u00eda Latina\"},\"image\":{\"@id\":\"https:\/\/artesanialatina.net\/blog\/#logo\"}},{\"@type\":\"WebSite\",\"@id\":\"https:\/\/artesanialatina.net\/blog\/#website\",\"url\":\"https:\/\/artesanialatina.net\/blog\/\",\"name\":\"El Blog de Artesan\u00eda Latina\",\"description\":\"Construyendo maquetas juntos desde 1970 - Building models together since 1970 - Construisant des maquettes avec vous depuis 1970\",\"publisher\":{\"@id\":\"https:\/\/artesanialatina.net\/blog\/#organization\"},\"potentialAction\":[{\"@type\":\"SearchAction\",\"target\":{\"@type\":\"EntryPoint\",\"urlTemplate\":\"https:\/\/artesanialatina.net\/blog\/?s={search_term_string}\"},\"query-input\":\"required name=search_term_string\"}],\"inLanguage\":\"es\"},{\"@type\":\"ImageObject\",\"@id\":\"https:\/\/artesanialatina.net\/blog\/modelismo\/amonaval-2013\/#primaryimage\",\"inLanguage\":\"es\",\"url\":\"https:\/\/artesanialatina.net\/blog\/wp-content\/uploads\/2013\/11\/amonaval-2013.png\",\"contentUrl\":\"https:\/\/artesanialatina.net\/blog\/wp-content\/uploads\/2013\/11\/amonaval-2013.png\",\"width\":560,\"height\":772,\"caption\":\"amonaval 2013\"},{\"@type\":\"WebPage\",\"@id\":\"https:\/\/artesanialatina.net\/blog\/modelismo\/amonaval-2013\/#webpage\",\"url\":\"https:\/\/artesanialatina.net\/blog\/modelismo\/amonaval-2013\/\",\"name\":\"Amonaval: IV Concurso-Exposici\u00f3n de Modelismo Naval Villa de Laredo\",\"isPartOf\":{\"@id\":\"https:\/\/artesanialatina.net\/blog\/#website\"},\"primaryImageOfPage\":{\"@id\":\"https:\/\/artesanialatina.net\/blog\/modelismo\/amonaval-2013\/#primaryimage\"},\"datePublished\":\"2013-12-02T06:37:09+00:00\",\"dateModified\":\"2025-06-09T09:07:34+00:00\",\"description\":\"Entre el 5 y el 8 de diciembre se celebra en la Casa del Mar de Laredo, la cuarta edici\u00f3n del Concurso-Exposici\u00f3n de ...\",\"breadcrumb\":{\"@id\":\"https:\/\/artesanialatina.net\/blog\/modelismo\/amonaval-2013\/#breadcrumb\"},\"inLanguage\":\"es\",\"potentialAction\":[{\"@type\":\"ReadAction\",\"target\":[\"https:\/\/artesanialatina.net\/blog\/modelismo\/amonaval-2013\/\"]}]},{\"@type\":\"BreadcrumbList\",\"@id\":\"https:\/\/artesanialatina.net\/blog\/modelismo\/amonaval-2013\/#breadcrumb\",\"itemListElement\":[{\"@type\":\"ListItem\",\"position\":1,\"name\":\"Blog de ArtesaniaLatina\",\"item\":\"https:\/\/artesanialatina.net\/blog\/\"},{\"@type\":\"ListItem\",\"position\":2,\"name\":\"Modelismo\",\"item\":\"https:\/\/artesanialatina.net\/blog\/category\/modelismo\/\"},{\"@type\":\"ListItem\",\"position\":3,\"name\":\"Modelismo Naval\",\"item\":\"https:\/\/artesanialatina.net\/blog\/category\/modelismo\/modelismo-naval\/\"},{\"@type\":\"ListItem\",\"position\":4,\"name\":\"#Amonaval: IV Concurso-Exposici\u00f3n de Modelismo Naval Villa de Laredo\"}]},{\"@type\":\"Article\",\"@id\":\"https:\/\/artesanialatina.net\/blog\/modelismo\/amonaval-2013\/#article\",\"isPartOf\":{\"@id\":\"https:\/\/artesanialatina.net\/blog\/modelismo\/amonaval-2013\/#webpage\"},\"author\":{\"@id\":\"https:\/\/artesanialatina.net\/blog\/#\/schema\/person\/bf01b05aea8b30af8a399f594faa1bba\"},\"headline\":\"#Amonaval: IV Concurso-Exposici\u00f3n de Modelismo Naval Villa de Laredo\",\"datePublished\":\"2013-12-02T06:37:09+00:00\",\"dateModified\":\"2025-06-09T09:07:34+00:00\",\"mainEntityOfPage\":{\"@id\":\"https:\/\/artesanialatina.net\/blog\/modelismo\/amonaval-2013\/#webpage\"},\"wordCount\":276,\"publisher\":{\"@id\":\"https:\/\/artesanialatina.net\/blog\/#organization\"},\"image\":{\"@id\":\"https:\/\/artesanialatina.net\/blog\/modelismo\/amonaval-2013\/#primaryimage\"},\"thumbnailUrl\":\"https:\/\/artesanialatina.net\/blog\/wp-content\/uploads\/2013\/11\/amonaval-2013.png\",\"keywords\":[\"amonaval\",\"amonaval 2013\",\"asociaci\u00f3n de modelismo naval\",\"concurso\",\"exposici\u00f3n\",\"Laredo\",\"modelismo naval\",\"Villa de Laredo\"],\"articleSection\":[\"Modelismo\",\"Modelismo Naval\"],\"inLanguage\":\"es\"},{\"@type\":\"Person\",\"@id\":\"https:\/\/artesanialatina.net\/blog\/#\/schema\/person\/bf01b05aea8b30af8a399f594faa1bba\",\"name\":\"artesanialatina\",\"image\":{\"@type\":\"ImageObject\",\"@id\":\"https:\/\/artesanialatina.net\/blog\/#personlogo\",\"inLanguage\":\"es\",\"url\":\"https:\/\/secure.gravatar.com\/avatar\/2932e66f27239bb4ffe5ef349695836a?s=96&d=mm&r=g\",\"contentUrl\":\"https:\/\/secure.gravatar.com\/avatar\/2932e66f27239bb4ffe5ef349695836a?s=96&d=mm&r=g\",\"caption\":\"artesanialatina\"}}]}<\/script>\n<!-- \/ Yoast SEO plugin. -->","yoast_head_json":{"title":"Amonaval: IV Concurso-Exposici\u00f3n de Modelismo Naval Villa de Laredo","description":"Entre el 5 y el 8 de diciembre se celebra en la Casa del Mar de Laredo, la cuarta edici\u00f3n del Concurso-Exposici\u00f3n de ...","robots":{"index":"index","follow":"follow","max-snippet":"max-snippet:-1","max-image-preview":"max-image-preview:large","max-video-preview":"max-video-preview:-1"},"canonical":"https:\/\/artesanialatina.net\/blog\/modelismo\/amonaval-2013\/","og_locale":"es_ES","og_type":"article","og_title":"Amonaval: IV Concurso-Exposici\u00f3n de Modelismo Naval Villa de Laredo","og_description":"Entre el 5 y el 8 de diciembre se celebra en la Casa del Mar de Laredo, la cuarta edici\u00f3n del Concurso-Exposici\u00f3n de ...","og_url":"https:\/\/artesanialatina.net\/blog\/modelismo\/amonaval-2013\/","og_site_name":"El Blog de Artesan\u00eda Latina","article_publisher":"https:\/\/www.facebook.com\/ArtesaniaLatina.net\/","article_published_time":"2013-12-02T06:37:09+00:00","article_modified_time":"2025-06-09T09:07:34+00:00","og_image":[{"width":560,"height":772,"url":"https:\/\/artesanialatina.net\/blog\/wp-content\/uploads\/2013\/11\/amonaval-2013.png","type":"image\/png"}],"twitter_card":"summary_large_image","twitter_creator":"@hobbyartesania","twitter_site":"@hobbyartesania","twitter_misc":{"Escrito por":"artesanialatina","Tiempo de lectura":"1 minuto"},"schema":{"@context":"https:\/\/schema.org","@graph":[{"@type":"Organization","@id":"https:\/\/artesanialatina.net\/blog\/#organization","name":"Blog de Artesan\u00eda Latina","url":"https:\/\/artesanialatina.net\/blog\/","sameAs":["https:\/\/www.facebook.com\/ArtesaniaLatina.net\/","https:\/\/www.instagram.com\/artesanialatina_oficial\/","https:\/\/twitter.com\/hobbyartesania"],"logo":{"@type":"ImageObject","@id":"https:\/\/artesanialatina.net\/blog\/#logo","inLanguage":"es","url":"https:\/\/artesanialatina.net\/blog\/wp-content\/uploads\/2018\/10\/logo-instagram.jpg","contentUrl":"https:\/\/artesanialatina.net\/blog\/wp-content\/uploads\/2018\/10\/logo-instagram.jpg","width":400,"height":400,"caption":"Blog de Artesan\u00eda Latina"},"image":{"@id":"https:\/\/artesanialatina.net\/blog\/#logo"}},{"@type":"WebSite","@id":"https:\/\/artesanialatina.net\/blog\/#website","url":"https:\/\/artesanialatina.net\/blog\/","name":"El Blog de Artesan\u00eda Latina","description":"Construyendo maquetas juntos desde 1970 - Building models together since 1970 - Construisant des maquettes avec vous depuis 1970","publisher":{"@id":"https:\/\/artesanialatina.net\/blog\/#organization"},"potentialAction":[{"@type":"SearchAction","target":{"@type":"EntryPoint","urlTemplate":"https:\/\/artesanialatina.net\/blog\/?s={search_term_string}"},"query-input":"required name=search_term_string"}],"inLanguage":"es"},{"@type":"ImageObject","@id":"https:\/\/artesanialatina.net\/blog\/modelismo\/amonaval-2013\/#primaryimage","inLanguage":"es","url":"https:\/\/artesanialatina.net\/blog\/wp-content\/uploads\/2013\/11\/amonaval-2013.png","contentUrl":"https:\/\/artesanialatina.net\/blog\/wp-content\/uploads\/2013\/11\/amonaval-2013.png","width":560,"height":772,"caption":"amonaval 2013"},{"@type":"WebPage","@id":"https:\/\/artesanialatina.net\/blog\/modelismo\/amonaval-2013\/#webpage","url":"https:\/\/artesanialatina.net\/blog\/modelismo\/amonaval-2013\/","name":"Amonaval: IV Concurso-Exposici\u00f3n de Modelismo Naval Villa de Laredo","isPartOf":{"@id":"https:\/\/artesanialatina.net\/blog\/#website"},"primaryImageOfPage":{"@id":"https:\/\/artesanialatina.net\/blog\/modelismo\/amonaval-2013\/#primaryimage"},"datePublished":"2013-12-02T06:37:09+00:00","dateModified":"2025-06-09T09:07:34+00:00","description":"Entre el 5 y el 8 de diciembre se celebra en la Casa del Mar de Laredo, la cuarta edici\u00f3n del Concurso-Exposici\u00f3n de ...","breadcrumb":{"@id":"https:\/\/artesanialatina.net\/blog\/modelismo\/amonaval-2013\/#breadcrumb"},"inLanguage":"es","potentialAction":[{"@type":"ReadAction","target":["https:\/\/artesanialatina.net\/blog\/modelismo\/amonaval-2013\/"]}]},{"@type":"BreadcrumbList","@id":"https:\/\/artesanialatina.net\/blog\/modelismo\/amonaval-2013\/#breadcrumb","itemListElement":[{"@type":"ListItem","position":1,"name":"Blog de ArtesaniaLatina","item":"https:\/\/artesanialatina.net\/blog\/"},{"@type":"ListItem","position":2,"name":"Modelismo","item":"https:\/\/artesanialatina.net\/blog\/category\/modelismo\/"},{"@type":"ListItem","position":3,"name":"Modelismo Naval","item":"https:\/\/artesanialatina.net\/blog\/category\/modelismo\/modelismo-naval\/"},{"@type":"ListItem","position":4,"name":"#Amonaval: IV Concurso-Exposici\u00f3n de Modelismo Naval Villa de Laredo"}]},{"@type":"Article","@id":"https:\/\/artesanialatina.net\/blog\/modelismo\/amonaval-2013\/#article","isPartOf":{"@id":"https:\/\/artesanialatina.net\/blog\/modelismo\/amonaval-2013\/#webpage"},"author":{"@id":"https:\/\/artesanialatina.net\/blog\/#\/schema\/person\/bf01b05aea8b30af8a399f594faa1bba"},"headline":"#Amonaval: IV Concurso-Exposici\u00f3n de Modelismo Naval Villa de Laredo","datePublished":"2013-12-02T06:37:09+00:00","dateModified":"2025-06-09T09:07:34+00:00","mainEntityOfPage":{"@id":"https:\/\/artesanialatina.net\/blog\/modelismo\/amonaval-2013\/#webpage"},"wordCount":276,"publisher":{"@id":"https:\/\/artesanialatina.net\/blog\/#organization"},"image":{"@id":"https:\/\/artesanialatina.net\/blog\/modelismo\/amonaval-2013\/#primaryimage"},"thumbnailUrl":"https:\/\/artesanialatina.net\/blog\/wp-content\/uploads\/2013\/11\/amonaval-2013.png","keywords":["amonaval","amonaval 2013","asociaci\u00f3n de modelismo naval","concurso","exposici\u00f3n","Laredo","modelismo naval","Villa de Laredo"],"articleSection":["Modelismo","Modelismo Naval"],"inLanguage":"es"},{"@type":"Person","@id":"https:\/\/artesanialatina.net\/blog\/#\/schema\/person\/bf01b05aea8b30af8a399f594faa1bba","name":"artesanialatina","image":{"@type":"ImageObject","@id":"https:\/\/artesanialatina.net\/blog\/#personlogo","inLanguage":"es","url":"https:\/\/secure.gravatar.com\/avatar\/2932e66f27239bb4ffe5ef349695836a?s=96&d=mm&r=g","contentUrl":"https:\/\/secure.gravatar.com\/avatar\/2932e66f27239bb4ffe5ef349695836a?s=96&d=mm&r=g","caption":"artesanialatina"}}]}},"jetpack_featured_media_url":"https:\/\/artesanialatina.net\/blog\/wp-content\/uploads\/2013\/11\/amonaval-2013.png","jetpack_publicize_connections":[],"jetpack_sharing_enabled":true,"jetpack_likes_enabled":true,"_links":{"self":[{"href":"https:\/\/artesanialatina.net\/blog\/wp-json\/wp\/v2\/posts\/173"}],"collection":[{"href":"https:\/\/artesanialatina.net\/blog\/wp-json\/wp\/v2\/posts"}],"about":[{"href":"https:\/\/artesanialatina.net\/blog\/wp-json\/wp\/v2\/types\/post"}],"author":[{"embeddable":true,"href":"https:\/\/artesanialatina.net\/blog\/wp-json\/wp\/v2\/users\/2"}],"replies":[{"embeddable":true,"href":"https:\/\/artesanialatina.net\/blog\/wp-json\/wp\/v2\/comments?post=173"}],"version-history":[{"count":1,"href":"https:\/\/artesanialatina.net\/blog\/wp-json\/wp\/v2\/posts\/173\/revisions"}],"predecessor-version":[{"id":2512,"href":"https:\/\/artesanialatina.net\/blog\/wp-json\/wp\/v2\/posts\/173\/revisions\/2512"}],"wp:featuredmedia":[{"embeddable":true,"href":"https:\/\/artesanialatina.net\/blog\/wp-json\/wp\/v2\/media\/175"}],"wp:attachment":[{"href":"https:\/\/artesanialatina.net\/blog\/wp-json\/wp\/v2\/media?parent=173"}],"wp:term":[{"taxonomy":"category","embeddable":true,"href":"https:\/\/artesanialatina.net\/blog\/wp-json\/wp\/v2\/categories?post=173"},{"taxonomy":"post_tag","embeddable":true,"href":"https:\/\/artesanialatina.net\/blog\/wp-json\/wp\/v2\/tags?post=173"}],"curies":[{"name":"wp","href":"https:\/\/api.w.org\/{rel}","templated":true}]}}